{"id":866,"date":"2012-06-15T16:13:05","date_gmt":"2012-06-15T14:13:05","guid":{"rendered":"http:\/\/www.temel-art.de\/wordpress\/?p=866"},"modified":"2018-05-01T15:04:44","modified_gmt":"2018-05-01T13:04:44","slug":"eine-versteigerung","status":"publish","type":"post","link":"http:\/\/www.temel-art.de\/wordpress\/2012\/06\/eine-versteigerung\/","title":{"rendered":"Eine Versteigerung"},"content":{"rendered":"<p>Ich dachte ich mach trotz vielen Verpflichtungen gleichzeitig mal was anderes, nettes, als nur gro\u00dfe Comicseiten. Und so habe ich mich an eine Postkarte gesetzt, zu sehen die Heldin aus meiner Graphic Novel HEIM UNTER. Das will ich zum Anlass nehmen, mal etwas auszuprobieren, was ich noch nie ausprobiert habe: Eine Versteigerung! Hier seht ihr das gute St\u00fcck, im Scan und als Foto (das Original ist nat\u00fcrlich tausendmal sch\u00f6ner ;)) Ersteigert wird nat\u00fcrlich DAS ORIGINAL!<\/p>\n<p>&nbsp;<\/p>\n<p><a href=\"http:\/\/www.temel-art.de\/wordpress\/wp-content\/uploads\/2012\/06\/versteigerungsbild.jpg\"><img loading=\"lazy\" decoding=\"async\" width=\"700\" height=\"516\" class=\"aligncenter size-full wp-image-867\" title=\"Postkarte\" src=\"http:\/\/www.temel-art.de\/wordpress\/wp-content\/uploads\/2012\/06\/versteigerungsbild.jpg\" alt=\"\" srcset=\"http:\/\/www.temel-art.de\/wordpress\/wp-content\/uploads\/2012\/06\/versteigerungsbild.jpg 700w, http:\/\/www.temel-art.de\/wordpress\/wp-content\/uploads\/2012\/06\/versteigerungsbild-300x221.jpg 300w\" sizes=\"(max-width: 700px) 100vw, 700px\" \/><\/a><\/p>\n<p>&nbsp;<\/p>\n<p>Hintergrund dieses Versuches ist \u00fcbrigens, dass ich (wie so oft) ziemlich pleite bin, aber doch zurzeit angefixt von einem bestimmten neuen Zeichenmaterial, was ich zu gerne mal ausprobieren w\u00fcrde, wenn geeignet auch f\u00fcr den gro\u00dfen Comic&#8230; ich hoffe wirklich sehr, dass mit einer Aktion wie dieser ein wenig was zusammen kommt, dass ich mir, schneller als gedacht, besagtes zulegen kann.<\/p>\n<p>Dass, ihr so eine Original-Postkarte auf Wunsch auch signiert bekommt, muss ich nicht extra erw\u00e4hnen oder? Also los! Ich w\u00fcrde mal vorschlagen ihr postet Gebote hier in den Kommentaren, ich aktualisiere dann hier immer den aktuellsten Stand. Ansonsten k\u00f6nnt ihr mir bei Bedarf auch eine Mail schicken: <strong><a href=\"mailto:thekla@temel-art.de\">thekla@temel-art.de<\/a><\/strong><\/p>\n<p style=\"text-align: center;\"><strong>Ende der Versteigerung: in einer Woche, am Freitag, den 22. Juni 2012 um 23.59<br \/>\n<\/strong><\/p>\n<h2 style=\"text-align: center;\"><strong>Versteigert f\u00fcr:<\/strong> 76,77\u20ac<\/h2>\n<p>*Versandkosten betragen: 1\u20ac, entfallen ab einem Gebot von 15\u20ac<\/p>\n","protected":false},"excerpt":{"rendered":"<p>Ich dachte ich mach trotz vielen Verpflichtungen gleichzeitig mal was anderes, nettes, als nur gro\u00dfe Comicseiten. Und so habe ich mich an eine Postkarte gesetzt, zu sehen die Heldin aus meiner Graphic Novel HEIM UNTER. Das will ich zum Anlass [&hellip;]<\/p>\n","protected":false},"author":1,"featured_media":0,"comment_status":"closed","ping_status":"closed","sticky":false,"template":"","format":"standard","meta":{"footnotes":""},"categories":[13],"tags":[76,77],"post_mailing_queue_ids":[],"_links":{"self":[{"href":"http:\/\/www.temel-art.de\/wordpress\/wp-json\/wp\/v2\/posts\/866"}],"collection":[{"href":"http:\/\/www.temel-art.de\/wordpress\/wp-json\/wp\/v2\/posts"}],"about":[{"href":"http:\/\/www.temel-art.de\/wordpress\/wp-json\/wp\/v2\/types\/post"}],"author":[{"embeddable":true,"href":"http:\/\/www.temel-art.de\/wordpress\/wp-json\/wp\/v2\/users\/1"}],"replies":[{"embeddable":true,"href":"http:\/\/www.temel-art.de\/wordpress\/wp-json\/wp\/v2\/comments?post=866"}],"version-history":[{"count":14,"href":"http:\/\/www.temel-art.de\/wordpress\/wp-json\/wp\/v2\/posts\/866\/revisions"}],"predecessor-version":[{"id":2150,"href":"http:\/\/www.temel-art.de\/wordpress\/wp-json\/wp\/v2\/posts\/866\/revisions\/2150"}],"wp:attachment":[{"href":"http:\/\/www.temel-art.de\/wordpress\/wp-json\/wp\/v2\/media?parent=866"}],"wp:term":[{"taxonomy":"category","embeddable":true,"href":"http:\/\/www.temel-art.de\/wordpress\/wp-json\/wp\/v2\/categories?post=866"},{"taxonomy":"post_tag","embeddable":true,"href":"http:\/\/www.temel-art.de\/wordpress\/wp-json\/wp\/v2\/tags?post=866"}],"curies":[{"name":"wp","href":"https:\/\/api.w.org\/{rel}","templated":true}]}}